{"id":16827,"date":"2018-08-28T20:51:00","date_gmt":"2018-08-28T17:51:00","guid":{"rendered":"https:\/\/isida-ivf.com\/julia-kremenska-ha-preso-parte-alla-conferenza-internazionale-in-belgio\/"},"modified":"2023-09-04T09:28:16","modified_gmt":"2023-09-04T06:28:16","slug":"julia-kremenska-ha-preso-parte-alla-conferenza-internazionale-in-belgio","status":"publish","type":"post","link":"https:\/\/isida-ivf.com\/it\/julia-kremenska-ha-preso-parte-alla-conferenza-internazionale-in-belgio\/","title":{"rendered":"Julia Kremenska ha preso parte alla conferenza internazionale in Belgio"},"content":{"rendered":"\n<p>Gli specialisti della clinica ISIDA &#8211; medici, assistenti di laboratorio, biologi, riproduttori &#8211; partecipano regolarmente agli eventi pi\u00f9 significativi nel campo della medicina riproduttiva. Cos\u00ec, nel luglio di quest&#8217;anno, la biologa e capo del Centro di laboratorio genetico della clinica ISIDA Kremensk, Yulia Valerievna, ha preso parte alla 22a conferenza internazionale &#8220;International Conference Society for Prenatal Diagnosis&#8221;.<\/p>\n\n<p>Quest&#8217;anno, pi\u00f9 di mille specialisti provenienti da molti paesi del mondo, venuti nella citt\u00e0 belga di Anversa per ascoltare le relazioni dei migliori professionisti nel loro campo provenienti da America, Australia, Europa e Asia, sono diventati partecipanti alla conferenza dedicata al tema Problemi e metodi della diagnosi prenatale. Lo scopo principale di questo evento su larga scala \u00e8 lo scambio di esperienze, la discussione e la creazione di raccomandazioni sulla diagnosi prenatale e sulla consulenza genetica dei pazienti. Ma ciascuno dei partecipanti alla conferenza, ovviamente, aveva il proprio obiettivo professionale personale.<\/p>\n\n<p><em>\u201cPer me personalmente, questo viaggio \u00e8 diventato uno strumento efficace per realizzare la direzione in cui \u00e8 necessario muoversi,<\/em> \u2013 Julia Kremenska condivide le sue impressioni. \u2013 <em>Le tecnologie di riproduzione assistita e la diagnostica prenatale si stanno sviluppando rapidamente e affinch\u00e9 i pazienti della nostra clinica possano ricevere servizi medici in conformit\u00e0 con gli ultimi sviluppi scientifici, \u00e8 semplicemente necessario che medici, biologi e genetisti partecipino a tali conferenze .\u201d<\/em><\/p>\n\n<p>Kremenska Yulia Valerievna, capo del Centro di laboratorio genetico, biologa, ha 17 anni di esperienza, \u00e8 una candidata di scienze biologiche. Julia Kremenska ha lavorato come assistente di ricerca nei principali laboratori del mondo (Universit\u00e0 di Tokyo, Giappone; Agenzia per la tecnologia, la scienza e la ricerca, A*STAR, Singapore); ha diretto il laboratorio citogenetico presso la clinica per le tecnologie riproduttive (2006-2010) con l&#8217;introduzione nella pratica dei moderni metodi di preimpianto e diagnostica molecolare prenatale.<\/p>\n\n<p>Nella clinica ISIDA Yulia V. Kremenska si specializza in embriologia, biologia molecolare, citogenetica; insieme ai riproduttori gestisce pazienti con forme gravi di infertilit\u00e0 con anamnesi di casi di anomalie cromosomiche e genetiche, nonch\u00e9 con aborti ricorrenti e molteplici tentativi di fecondazione in vitro falliti.<\/p>\n\n<p>Il rapido sviluppo delle tecnologie di riproduzione assistita obbliga tutti gli specialisti che lavorano in questo campo a migliorare costantemente le proprie competenze. Grande attenzione \u00e8 rivolta a questo problema nella clinica ISIDA: specialisti della riproduzione, biologi, genetisti della clinica partecipano regolarmente a conferenze scientifiche e pratiche internazionali. L&#8217;alto livello di professionalit\u00e0 di tutti gli specialisti della clinica ISIDA \u00e8 la base per l&#8217;elevata prestazione della clinica in tutti i settori.<\/p>\n","protected":false},"excerpt":{"rendered":"<p>Gli specialisti della clinica ISIDA &#8211; medici, assistenti di laboratorio, biologi, riproduttori &#8211; partecipano regolarmente agli eventi pi\u00f9 significativi nel campo della medicina riproduttiva. Cos\u00ec, nel luglio di quest&#8217;anno, la biologa e capo del Centro di laboratorio genetico della clinica ISIDA Kremensk, Yulia Valerievna, ha preso parte alla 22a conferenza internazionale &#8220;International Conference Society for [&hellip;]<\/p>\n","protected":false},"author":10,"featured_media":14303,"comment_status":"open","ping_status":"open","sticky":false,"template":"","format":"standard","meta":{"footnotes":""},"categories":[97],"tags":[],"class_list":["post-16827","post","type-post","status-publish","format-standard","has-post-thumbnail","hentry","category-non-categorizzato"],"yoast_head":"<!-- This site is optimized with the Yoast SEO plugin v21.3 - https:\/\/yoast.com\/wordpress\/plugins\/seo\/ -->\n<title>Julia Kremenska ha preso parte alla conferenza internazionale in Belgio &#060; ISIDA International<\/title>\n<meta name=\"robots\" content=\"index, follow, max-snippet:-1, max-image-preview:large, max-video-preview:-1\" \/>\n<meta property=\"og:locale\" content=\"it_IT\" \/>\n<meta property=\"og:type\" content=\"article\" \/>\n<meta property=\"og:title\" content=\"Julia Kremenska ha preso parte alla conferenza internazionale in Belgio &#060; ISIDA International\" \/>\n<meta property=\"og:description\" content=\"Gli specialisti della clinica ISIDA &#8211; medici, assistenti di laboratorio, biologi, riproduttori &#8211; partecipano regolarmente agli eventi pi\u00f9 significativi nel campo della medicina riproduttiva. Cos\u00ec, nel luglio di quest&#8217;anno, la biologa e capo del Centro di laboratorio genetico della clinica ISIDA Kremensk, Yulia Valerievna, ha preso parte alla 22a conferenza internazionale &#8220;International Conference Society for [&hellip;]\" \/>\n<meta property=\"og:url\" content=\"https:\/\/isida-ivf.com\/it\/julia-kremenska-ha-preso-parte-alla-conferenza-internazionale-in-belgio\/\" \/>\n<meta property=\"og:site_name\" content=\"ISIDA International\" \/>\n<meta property=\"article:publisher\" content=\"https:\/\/www.facebook.com\/isidaivf\/\" \/>\n<meta property=\"article:published_time\" content=\"2018-08-28T17:51:00+00:00\" \/>\n<meta property=\"article:modified_time\" content=\"2023-09-04T06:28:16+00:00\" \/>\n<meta property=\"og:image\" content=\"https:\/\/isida-ivf.com\/wp-content\/uploads\/2023\/06\/post44.jpg\" \/>\n\t<meta property=\"og:image:width\" content=\"1200\" \/>\n\t<meta property=\"og:image:height\" content=\"500\" \/>\n\t<meta property=\"og:image:type\" content=\"image\/jpeg\" \/>\n<meta name=\"author\" content=\"dev_techunit_io\" \/>\n<meta name=\"twitter:card\" content=\"summary_large_image\" \/>\n<meta name=\"twitter:label1\" content=\"Scritto da\" \/>\n\t<meta name=\"twitter:data1\" content=\"dev_techunit_io\" \/>\n\t<meta name=\"twitter:label2\" content=\"Tempo di lettura stimato\" \/>\n\t<meta name=\"twitter:data2\" content=\"2 minuti\" \/>\n<script type=\"application\/ld+json\" class=\"yoast-schema-graph\">{\"@context\":\"https:\/\/schema.org\",\"@graph\":[{\"@type\":\"Article\",\"@id\":\"https:\/\/isida-ivf.com\/it\/julia-kremenska-ha-preso-parte-alla-conferenza-internazionale-in-belgio\/#article\",\"isPartOf\":{\"@id\":\"https:\/\/isida-ivf.com\/it\/julia-kremenska-ha-preso-parte-alla-conferenza-internazionale-in-belgio\/\"},\"author\":{\"name\":\"dev_techunit_io\",\"@id\":\"https:\/\/isida-ivf.com\/#\/schema\/person\/d4aa9815be9532c90c2597f346c62bf3\"},\"headline\":\"Julia Kremenska ha preso parte alla conferenza internazionale in Belgio\",\"datePublished\":\"2018-08-28T17:51:00+00:00\",\"dateModified\":\"2023-09-04T06:28:16+00:00\",\"mainEntityOfPage\":{\"@id\":\"https:\/\/isida-ivf.com\/it\/julia-kremenska-ha-preso-parte-alla-conferenza-internazionale-in-belgio\/\"},\"wordCount\":409,\"commentCount\":0,\"publisher\":{\"@id\":\"https:\/\/isida-ivf.com\/#organization\"},\"articleSection\":[\"Non categorizzato\"],\"inLanguage\":\"it-IT\",\"potentialAction\":[{\"@type\":\"CommentAction\",\"name\":\"Comment\",\"target\":[\"https:\/\/isida-ivf.com\/it\/julia-kremenska-ha-preso-parte-alla-conferenza-internazionale-in-belgio\/#respond\"]}]},{\"@type\":\"WebPage\",\"@id\":\"https:\/\/isida-ivf.com\/it\/julia-kremenska-ha-preso-parte-alla-conferenza-internazionale-in-belgio\/\",\"url\":\"https:\/\/isida-ivf.com\/it\/julia-kremenska-ha-preso-parte-alla-conferenza-internazionale-in-belgio\/\",\"name\":\"Julia Kremenska ha preso parte alla conferenza internazionale in Belgio &#060; ISIDA International\",\"isPartOf\":{\"@id\":\"https:\/\/isida-ivf.com\/#website\"},\"datePublished\":\"2018-08-28T17:51:00+00:00\",\"dateModified\":\"2023-09-04T06:28:16+00:00\",\"breadcrumb\":{\"@id\":\"https:\/\/isida-ivf.com\/it\/julia-kremenska-ha-preso-parte-alla-conferenza-internazionale-in-belgio\/#breadcrumb\"},\"inLanguage\":\"it-IT\",\"potentialAction\":[{\"@type\":\"ReadAction\",\"target\":[\"https:\/\/isida-ivf.com\/it\/julia-kremenska-ha-preso-parte-alla-conferenza-internazionale-in-belgio\/\"]}]},{\"@type\":\"BreadcrumbList\",\"@id\":\"https:\/\/isida-ivf.com\/it\/julia-kremenska-ha-preso-parte-alla-conferenza-internazionale-in-belgio\/#breadcrumb\",\"itemListElement\":[{\"@type\":\"ListItem\",\"position\":1,\"name\":\"Home\",\"item\":\"https:\/\/isida-ivf.com\/it\/\"},{\"@type\":\"ListItem\",\"position\":2,\"name\":\"Julia Kremenska ha preso parte alla conferenza internazionale in Belgio\"}]},{\"@type\":\"WebSite\",\"@id\":\"https:\/\/isida-ivf.com\/#website\",\"url\":\"https:\/\/isida-ivf.com\/\",\"name\":\"ISIDA International\",\"description\":\"ISIDA clinic work schedule\",\"publisher\":{\"@id\":\"https:\/\/isida-ivf.com\/#organization\"},\"potentialAction\":[{\"@type\":\"SearchAction\",\"target\":{\"@type\":\"EntryPoint\",\"urlTemplate\":\"https:\/\/isida-ivf.com\/?s={search_term_string}\"},\"query-input\":\"required name=search_term_string\"}],\"inLanguage\":\"it-IT\"},{\"@type\":\"Organization\",\"@id\":\"https:\/\/isida-ivf.com\/#organization\",\"name\":\"ISIDA International\",\"url\":\"https:\/\/isida-ivf.com\/\",\"logo\":{\"@type\":\"ImageObject\",\"inLanguage\":\"it-IT\",\"@id\":\"https:\/\/isida-ivf.com\/#\/schema\/logo\/image\/\",\"url\":\"https:\/\/isida-ivf.com\/wp-content\/uploads\/2022\/03\/logo.svg\",\"contentUrl\":\"https:\/\/isida-ivf.com\/wp-content\/uploads\/2022\/03\/logo.svg\",\"width\":93,\"height\":45,\"caption\":\"ISIDA International\"},\"image\":{\"@id\":\"https:\/\/isida-ivf.com\/#\/schema\/logo\/image\/\"},\"sameAs\":[\"https:\/\/www.facebook.com\/isidaivf\/\",\"https:\/\/www.instagram.com\/isida_ivf\/\",\"https:\/\/www.youtube.com\/channel\/UCIEjGU7re1qO_k3bHgPABeg?view_as=subscriber\"]},{\"@type\":\"Person\",\"@id\":\"https:\/\/isida-ivf.com\/#\/schema\/person\/d4aa9815be9532c90c2597f346c62bf3\",\"name\":\"dev_techunit_io\",\"image\":{\"@type\":\"ImageObject\",\"inLanguage\":\"it-IT\",\"@id\":\"https:\/\/isida-ivf.com\/#\/schema\/person\/image\/\",\"url\":\"https:\/\/secure.gravatar.com\/avatar\/967a4b897cc1d81891aa357b805f28459f0783739831b995cf6417bd006eda48?s=96&d=mm&r=g\",\"contentUrl\":\"https:\/\/secure.gravatar.com\/avatar\/967a4b897cc1d81891aa357b805f28459f0783739831b995cf6417bd006eda48?s=96&d=mm&r=g\",\"caption\":\"dev_techunit_io\"}}]}<\/script>\n<!-- \/ Yoast SEO plugin. -->","yoast_head_json":{"title":"Julia Kremenska ha preso parte alla conferenza internazionale in Belgio &#060; ISIDA International","robots":{"index":"index","follow":"follow","max-snippet":"max-snippet:-1","max-image-preview":"max-image-preview:large","max-video-preview":"max-video-preview:-1"},"og_locale":"it_IT","og_type":"article","og_title":"Julia Kremenska ha preso parte alla conferenza internazionale in Belgio &#060; ISIDA International","og_description":"Gli specialisti della clinica ISIDA &#8211; medici, assistenti di laboratorio, biologi, riproduttori &#8211; partecipano regolarmente agli eventi pi\u00f9 significativi nel campo della medicina riproduttiva. Cos\u00ec, nel luglio di quest&#8217;anno, la biologa e capo del Centro di laboratorio genetico della clinica ISIDA Kremensk, Yulia Valerievna, ha preso parte alla 22a conferenza internazionale &#8220;International Conference Society for [&hellip;]","og_url":"https:\/\/isida-ivf.com\/it\/julia-kremenska-ha-preso-parte-alla-conferenza-internazionale-in-belgio\/","og_site_name":"ISIDA International","article_publisher":"https:\/\/www.facebook.com\/isidaivf\/","article_published_time":"2018-08-28T17:51:00+00:00","article_modified_time":"2023-09-04T06:28:16+00:00","og_image":[{"width":1200,"height":500,"url":"https:\/\/isida-ivf.com\/wp-content\/uploads\/2023\/06\/post44.jpg","type":"image\/jpeg"}],"author":"dev_techunit_io","twitter_card":"summary_large_image","twitter_misc":{"Scritto da":"dev_techunit_io","Tempo di lettura stimato":"2 minuti"},"schema":{"@context":"https:\/\/schema.org","@graph":[{"@type":"Article","@id":"https:\/\/isida-ivf.com\/it\/julia-kremenska-ha-preso-parte-alla-conferenza-internazionale-in-belgio\/#article","isPartOf":{"@id":"https:\/\/isida-ivf.com\/it\/julia-kremenska-ha-preso-parte-alla-conferenza-internazionale-in-belgio\/"},"author":{"name":"dev_techunit_io","@id":"https:\/\/isida-ivf.com\/#\/schema\/person\/d4aa9815be9532c90c2597f346c62bf3"},"headline":"Julia Kremenska ha preso parte alla conferenza internazionale in Belgio","datePublished":"2018-08-28T17:51:00+00:00","dateModified":"2023-09-04T06:28:16+00:00","mainEntityOfPage":{"@id":"https:\/\/isida-ivf.com\/it\/julia-kremenska-ha-preso-parte-alla-conferenza-internazionale-in-belgio\/"},"wordCount":409,"commentCount":0,"publisher":{"@id":"https:\/\/isida-ivf.com\/#organization"},"articleSection":["Non categorizzato"],"inLanguage":"it-IT","potentialAction":[{"@type":"CommentAction","name":"Comment","target":["https:\/\/isida-ivf.com\/it\/julia-kremenska-ha-preso-parte-alla-conferenza-internazionale-in-belgio\/#respond"]}]},{"@type":"WebPage","@id":"https:\/\/isida-ivf.com\/it\/julia-kremenska-ha-preso-parte-alla-conferenza-internazionale-in-belgio\/","url":"https:\/\/isida-ivf.com\/it\/julia-kremenska-ha-preso-parte-alla-conferenza-internazionale-in-belgio\/","name":"Julia Kremenska ha preso parte alla conferenza internazionale in Belgio &#060; ISIDA International","isPartOf":{"@id":"https:\/\/isida-ivf.com\/#website"},"datePublished":"2018-08-28T17:51:00+00:00","dateModified":"2023-09-04T06:28:16+00:00","breadcrumb":{"@id":"https:\/\/isida-ivf.com\/it\/julia-kremenska-ha-preso-parte-alla-conferenza-internazionale-in-belgio\/#breadcrumb"},"inLanguage":"it-IT","potentialAction":[{"@type":"ReadAction","target":["https:\/\/isida-ivf.com\/it\/julia-kremenska-ha-preso-parte-alla-conferenza-internazionale-in-belgio\/"]}]},{"@type":"BreadcrumbList","@id":"https:\/\/isida-ivf.com\/it\/julia-kremenska-ha-preso-parte-alla-conferenza-internazionale-in-belgio\/#breadcrumb","itemListElement":[{"@type":"ListItem","position":1,"name":"Home","item":"https:\/\/isida-ivf.com\/it\/"},{"@type":"ListItem","position":2,"name":"Julia Kremenska ha preso parte alla conferenza internazionale in Belgio"}]},{"@type":"WebSite","@id":"https:\/\/isida-ivf.com\/#website","url":"https:\/\/isida-ivf.com\/","name":"ISIDA International","description":"ISIDA clinic work schedule","publisher":{"@id":"https:\/\/isida-ivf.com\/#organization"},"potentialAction":[{"@type":"SearchAction","target":{"@type":"EntryPoint","urlTemplate":"https:\/\/isida-ivf.com\/?s={search_term_string}"},"query-input":"required name=search_term_string"}],"inLanguage":"it-IT"},{"@type":"Organization","@id":"https:\/\/isida-ivf.com\/#organization","name":"ISIDA International","url":"https:\/\/isida-ivf.com\/","logo":{"@type":"ImageObject","inLanguage":"it-IT","@id":"https:\/\/isida-ivf.com\/#\/schema\/logo\/image\/","url":"https:\/\/isida-ivf.com\/wp-content\/uploads\/2022\/03\/logo.svg","contentUrl":"https:\/\/isida-ivf.com\/wp-content\/uploads\/2022\/03\/logo.svg","width":93,"height":45,"caption":"ISIDA International"},"image":{"@id":"https:\/\/isida-ivf.com\/#\/schema\/logo\/image\/"},"sameAs":["https:\/\/www.facebook.com\/isidaivf\/","https:\/\/www.instagram.com\/isida_ivf\/","https:\/\/www.youtube.com\/channel\/UCIEjGU7re1qO_k3bHgPABeg?view_as=subscriber"]},{"@type":"Person","@id":"https:\/\/isida-ivf.com\/#\/schema\/person\/d4aa9815be9532c90c2597f346c62bf3","name":"dev_techunit_io","image":{"@type":"ImageObject","inLanguage":"it-IT","@id":"https:\/\/isida-ivf.com\/#\/schema\/person\/image\/","url":"https:\/\/secure.gravatar.com\/avatar\/967a4b897cc1d81891aa357b805f28459f0783739831b995cf6417bd006eda48?s=96&d=mm&r=g","contentUrl":"https:\/\/secure.gravatar.com\/avatar\/967a4b897cc1d81891aa357b805f28459f0783739831b995cf6417bd006eda48?s=96&d=mm&r=g","caption":"dev_techunit_io"}}]}},"_links":{"self":[{"href":"https:\/\/isida-ivf.com\/it\/wp-json\/wp\/v2\/posts\/16827","targetHints":{"allow":["GET"]}}],"collection":[{"href":"https:\/\/isida-ivf.com\/it\/wp-json\/wp\/v2\/posts"}],"about":[{"href":"https:\/\/isida-ivf.com\/it\/wp-json\/wp\/v2\/types\/post"}],"author":[{"embeddable":true,"href":"https:\/\/isida-ivf.com\/it\/wp-json\/wp\/v2\/users\/10"}],"replies":[{"embeddable":true,"href":"https:\/\/isida-ivf.com\/it\/wp-json\/wp\/v2\/comments?post=16827"}],"version-history":[{"count":0,"href":"https:\/\/isida-ivf.com\/it\/wp-json\/wp\/v2\/posts\/16827\/revisions"}],"wp:featuredmedia":[{"embeddable":true,"href":"https:\/\/isida-ivf.com\/it\/wp-json\/wp\/v2\/media\/14303"}],"wp:attachment":[{"href":"https:\/\/isida-ivf.com\/it\/wp-json\/wp\/v2\/media?parent=16827"}],"wp:term":[{"taxonomy":"category","embeddable":true,"href":"https:\/\/isida-ivf.com\/it\/wp-json\/wp\/v2\/categories?post=16827"},{"taxonomy":"post_tag","embeddable":true,"href":"https:\/\/isida-ivf.com\/it\/wp-json\/wp\/v2\/tags?post=16827"}],"curies":[{"name":"wp","href":"https:\/\/api.w.org\/{rel}","templated":true}]}}