{"id":16007,"date":"2018-01-09T13:42:00","date_gmt":"2018-01-09T10:42:00","guid":{"rendered":"https:\/\/isida-ivf.com\/miroslava-vatsik-medecin-specialiste-de-la-reproduction-a-la-clinique-isida-a-fait-un-expose-lors-dune-conference-internationale\/"},"modified":"2023-08-22T12:58:29","modified_gmt":"2023-08-22T09:58:29","slug":"miroslava-vatsik-medecin-specialiste-de-la-reproduction-a-la-clinique-isida-a-fait-un-expose-lors-dune-conference-internationale","status":"publish","type":"post","link":"https:\/\/isida-ivf.com\/fr\/miroslava-vatsik-medecin-specialiste-de-la-reproduction-a-la-clinique-isida-a-fait-un-expose-lors-dune-conference-internationale\/","title":{"rendered":"Miroslava Vatsik, m\u00e9decin sp\u00e9cialiste de la reproduction \u00e0 la clinique ISIDA, a fait un expos\u00e9 lors d&rsquo;une conf\u00e9rence internationale"},"content":{"rendered":"\n<p>Les m\u00e9decins de la clinique ISIDA participent r\u00e9guli\u00e8rement aux travaux de conf\u00e9rences scientifiques et pratiques \u00e9trang\u00e8res et nationales, de colloques et de s\u00e9minaires. Cela donne l&rsquo;occasion de se familiariser avec les nouveaut\u00e9s dans le domaine de la M\u00e9decine de la reproduction et de partager avec des coll\u00e8gues leurs propres r\u00e9alisations et connaissances. C&rsquo;est dans ce but qu&rsquo;\u00e0 la fin du mois de novembre dernier, Miroslava Vatsik, m\u00e9decin sp\u00e9cialiste de la reproduction de la clinique ISIDA, a assist\u00e9 \u00e0 une conf\u00e9rence scientifique et pratique internationale avec la participation internationale de \u00abtechnologies Innovantes en obst\u00e9trique et gyn\u00e9cologie: de la science \u00e0 la pratique\u00bb, qui s&rsquo;est tenue dans les villes d&rsquo;Ivano-Frankivsk et de Yaremche. Lors de cette conf\u00e9rence, le m\u00e9decin Miroslava Vatsik, qui a 15 ans d&rsquo;exp\u00e9rience pratique et est l&rsquo;auteur de plus de 20 publications scientifiques sur le traitement de l&rsquo;infertilit\u00e9, a fait un expos\u00e9 scientifique.<\/p>\n\n<p>La conf\u00e9rence a entendu des expos\u00e9s sur les th\u00e8mes suivants:<\/p>\n\n<ul class=\"wp-block-list\">\n<li>mise en \u0153uvre des protocoles cliniques nationaux en obst\u00e9trique et en gyn\u00e9cologie;<\/li>\n\n\n\n<li>conditions d&rsquo;urgence dans la pratique obst\u00e9tricale-gyn\u00e9cologique;<\/li>\n\n\n\n<li>pathologie extrag\u00e9nitale et grossesse;<\/li>\n\n\n\n<li>probl\u00e8mes d&rsquo;oncogyn\u00e9cologie;<\/li>\n\n\n\n<li>harmonie de la sant\u00e9 des femmes dans diff\u00e9rents groupes d&rsquo;\u00e2ge;<\/li>\n\n\n\n<li>obst\u00e9trique et gyn\u00e9cologie op\u00e9ratoires;<\/li>\n\n\n\n<li>\u00e9tudes de M\u00e9decine de la reproduction;<\/li>\n\n\n\n<li>la probl\u00e9matique obst\u00e9tricale du point de vue de la M\u00e9decine familiale;<\/li>\n\n\n\n<li>formation continue: r\u00e9alisations, d\u00e9fis et perspectives.<\/li>\n<\/ul>\n\n<p>En outre, les participants \u00e0 la conf\u00e9rence ont eu l&rsquo;occasion d&rsquo;assister \u00e0 diverses classes de ma\u00eetre, y compris une classe de ma\u00eetre sur l&rsquo;hyst\u00e9roscopie.<\/p>\n\n<p><\/p>\n","protected":false},"excerpt":{"rendered":"<p>Les m\u00e9decins de la clinique ISIDA participent r\u00e9guli\u00e8rement aux travaux de conf\u00e9rences scientifiques et pratiques \u00e9trang\u00e8res et nationales, de colloques et de s\u00e9minaires. Cela donne l&rsquo;occasion de se familiariser avec les nouveaut\u00e9s dans le domaine de la M\u00e9decine de la reproduction et de partager avec des coll\u00e8gues leurs propres r\u00e9alisations et connaissances. C&rsquo;est dans ce [&hellip;]<\/p>\n","protected":false},"author":10,"featured_media":14541,"comment_status":"open","ping_status":"open","sticky":false,"template":"","format":"standard","meta":{"footnotes":""},"categories":[45],"tags":[],"class_list":["post-16007","post","type-post","status-publish","format-standard","has-post-thumbnail","hentry","category-non-classifiee"],"yoast_head":"<!-- This site is optimized with the Yoast SEO plugin v21.3 - https:\/\/yoast.com\/wordpress\/plugins\/seo\/ -->\n<title>Miroslava Vatsik, m\u00e9decin sp\u00e9cialiste de la reproduction \u00e0 la clinique ISIDA, a fait un expos\u00e9 lors d&#039;une conf\u00e9rence internationale &#060; ISIDA International<\/title>\n<meta name=\"robots\" content=\"index, follow, max-snippet:-1, max-image-preview:large, max-video-preview:-1\" \/>\n<meta property=\"og:locale\" content=\"fr_FR\" \/>\n<meta property=\"og:type\" content=\"article\" \/>\n<meta property=\"og:title\" content=\"Miroslava Vatsik, m\u00e9decin sp\u00e9cialiste de la reproduction \u00e0 la clinique ISIDA, a fait un expos\u00e9 lors d&#039;une conf\u00e9rence internationale &#060; ISIDA International\" \/>\n<meta property=\"og:description\" content=\"Les m\u00e9decins de la clinique ISIDA participent r\u00e9guli\u00e8rement aux travaux de conf\u00e9rences scientifiques et pratiques \u00e9trang\u00e8res et nationales, de colloques et de s\u00e9minaires. Cela donne l&rsquo;occasion de se familiariser avec les nouveaut\u00e9s dans le domaine de la M\u00e9decine de la reproduction et de partager avec des coll\u00e8gues leurs propres r\u00e9alisations et connaissances. C&rsquo;est dans ce [&hellip;]\" \/>\n<meta property=\"og:url\" content=\"https:\/\/isida-ivf.com\/fr\/miroslava-vatsik-medecin-specialiste-de-la-reproduction-a-la-clinique-isida-a-fait-un-expose-lors-dune-conference-internationale\/\" \/>\n<meta property=\"og:site_name\" content=\"ISIDA International\" \/>\n<meta property=\"article:publisher\" content=\"https:\/\/www.facebook.com\/isidaivf\/\" \/>\n<meta property=\"article:published_time\" content=\"2018-01-09T10:42:00+00:00\" \/>\n<meta property=\"article:modified_time\" content=\"2023-08-22T09:58:29+00:00\" \/>\n<meta property=\"og:image\" content=\"https:\/\/isida-ivf.com\/wp-content\/uploads\/2023\/07\/post72.jpg\" \/>\n\t<meta property=\"og:image:width\" content=\"1200\" \/>\n\t<meta property=\"og:image:height\" content=\"500\" \/>\n\t<meta property=\"og:image:type\" content=\"image\/jpeg\" \/>\n<meta name=\"author\" content=\"dev_techunit_io\" \/>\n<meta name=\"twitter:card\" content=\"summary_large_image\" \/>\n<meta name=\"twitter:label1\" content=\"\u00c9crit par\" \/>\n\t<meta name=\"twitter:data1\" content=\"dev_techunit_io\" \/>\n\t<meta name=\"twitter:label2\" content=\"Dur\u00e9e de lecture estim\u00e9e\" \/>\n\t<meta name=\"twitter:data2\" content=\"1 minute\" \/>\n<script type=\"application\/ld+json\" class=\"yoast-schema-graph\">{\"@context\":\"https:\/\/schema.org\",\"@graph\":[{\"@type\":\"Article\",\"@id\":\"https:\/\/isida-ivf.com\/fr\/miroslava-vatsik-medecin-specialiste-de-la-reproduction-a-la-clinique-isida-a-fait-un-expose-lors-dune-conference-internationale\/#article\",\"isPartOf\":{\"@id\":\"https:\/\/isida-ivf.com\/fr\/miroslava-vatsik-medecin-specialiste-de-la-reproduction-a-la-clinique-isida-a-fait-un-expose-lors-dune-conference-internationale\/\"},\"author\":{\"name\":\"dev_techunit_io\",\"@id\":\"https:\/\/isida-ivf.com\/#\/schema\/person\/d4aa9815be9532c90c2597f346c62bf3\"},\"headline\":\"Miroslava Vatsik, m\u00e9decin sp\u00e9cialiste de la reproduction \u00e0 la clinique ISIDA, a fait un expos\u00e9 lors d&rsquo;une conf\u00e9rence internationale\",\"datePublished\":\"2018-01-09T10:42:00+00:00\",\"dateModified\":\"2023-08-22T09:58:29+00:00\",\"mainEntityOfPage\":{\"@id\":\"https:\/\/isida-ivf.com\/fr\/miroslava-vatsik-medecin-specialiste-de-la-reproduction-a-la-clinique-isida-a-fait-un-expose-lors-dune-conference-internationale\/\"},\"wordCount\":297,\"commentCount\":0,\"publisher\":{\"@id\":\"https:\/\/isida-ivf.com\/#organization\"},\"articleSection\":[\"Non classifi\u00e9(e)\"],\"inLanguage\":\"fr-FR\",\"potentialAction\":[{\"@type\":\"CommentAction\",\"name\":\"Comment\",\"target\":[\"https:\/\/isida-ivf.com\/fr\/miroslava-vatsik-medecin-specialiste-de-la-reproduction-a-la-clinique-isida-a-fait-un-expose-lors-dune-conference-internationale\/#respond\"]}]},{\"@type\":\"WebPage\",\"@id\":\"https:\/\/isida-ivf.com\/fr\/miroslava-vatsik-medecin-specialiste-de-la-reproduction-a-la-clinique-isida-a-fait-un-expose-lors-dune-conference-internationale\/\",\"url\":\"https:\/\/isida-ivf.com\/fr\/miroslava-vatsik-medecin-specialiste-de-la-reproduction-a-la-clinique-isida-a-fait-un-expose-lors-dune-conference-internationale\/\",\"name\":\"Miroslava Vatsik, m\u00e9decin sp\u00e9cialiste de la reproduction \u00e0 la clinique ISIDA, a fait un expos\u00e9 lors d'une conf\u00e9rence internationale &#060; ISIDA International\",\"isPartOf\":{\"@id\":\"https:\/\/isida-ivf.com\/#website\"},\"datePublished\":\"2018-01-09T10:42:00+00:00\",\"dateModified\":\"2023-08-22T09:58:29+00:00\",\"breadcrumb\":{\"@id\":\"https:\/\/isida-ivf.com\/fr\/miroslava-vatsik-medecin-specialiste-de-la-reproduction-a-la-clinique-isida-a-fait-un-expose-lors-dune-conference-internationale\/#breadcrumb\"},\"inLanguage\":\"fr-FR\",\"potentialAction\":[{\"@type\":\"ReadAction\",\"target\":[\"https:\/\/isida-ivf.com\/fr\/miroslava-vatsik-medecin-specialiste-de-la-reproduction-a-la-clinique-isida-a-fait-un-expose-lors-dune-conference-internationale\/\"]}]},{\"@type\":\"BreadcrumbList\",\"@id\":\"https:\/\/isida-ivf.com\/fr\/miroslava-vatsik-medecin-specialiste-de-la-reproduction-a-la-clinique-isida-a-fait-un-expose-lors-dune-conference-internationale\/#breadcrumb\",\"itemListElement\":[{\"@type\":\"ListItem\",\"position\":1,\"name\":\"Home\",\"item\":\"https:\/\/isida-ivf.com\/fr\/\"},{\"@type\":\"ListItem\",\"position\":2,\"name\":\"Miroslava Vatsik, m\u00e9decin sp\u00e9cialiste de la reproduction \u00e0 la clinique ISIDA, a fait un expos\u00e9 lors d&rsquo;une conf\u00e9rence internationale\"}]},{\"@type\":\"WebSite\",\"@id\":\"https:\/\/isida-ivf.com\/#website\",\"url\":\"https:\/\/isida-ivf.com\/\",\"name\":\"ISIDA International\",\"description\":\"ISIDA clinic work schedule\",\"publisher\":{\"@id\":\"https:\/\/isida-ivf.com\/#organization\"},\"potentialAction\":[{\"@type\":\"SearchAction\",\"target\":{\"@type\":\"EntryPoint\",\"urlTemplate\":\"https:\/\/isida-ivf.com\/?s={search_term_string}\"},\"query-input\":\"required name=search_term_string\"}],\"inLanguage\":\"fr-FR\"},{\"@type\":\"Organization\",\"@id\":\"https:\/\/isida-ivf.com\/#organization\",\"name\":\"ISIDA International\",\"url\":\"https:\/\/isida-ivf.com\/\",\"logo\":{\"@type\":\"ImageObject\",\"inLanguage\":\"fr-FR\",\"@id\":\"https:\/\/isida-ivf.com\/#\/schema\/logo\/image\/\",\"url\":\"https:\/\/isida-ivf.com\/wp-content\/uploads\/2022\/03\/logo.svg\",\"contentUrl\":\"https:\/\/isida-ivf.com\/wp-content\/uploads\/2022\/03\/logo.svg\",\"width\":93,\"height\":45,\"caption\":\"ISIDA International\"},\"image\":{\"@id\":\"https:\/\/isida-ivf.com\/#\/schema\/logo\/image\/\"},\"sameAs\":[\"https:\/\/www.facebook.com\/isidaivf\/\",\"https:\/\/www.instagram.com\/isida_ivf\/\",\"https:\/\/www.youtube.com\/channel\/UCIEjGU7re1qO_k3bHgPABeg?view_as=subscriber\"]},{\"@type\":\"Person\",\"@id\":\"https:\/\/isida-ivf.com\/#\/schema\/person\/d4aa9815be9532c90c2597f346c62bf3\",\"name\":\"dev_techunit_io\",\"image\":{\"@type\":\"ImageObject\",\"inLanguage\":\"fr-FR\",\"@id\":\"https:\/\/isida-ivf.com\/#\/schema\/person\/image\/\",\"url\":\"https:\/\/secure.gravatar.com\/avatar\/967a4b897cc1d81891aa357b805f28459f0783739831b995cf6417bd006eda48?s=96&d=mm&r=g\",\"contentUrl\":\"https:\/\/secure.gravatar.com\/avatar\/967a4b897cc1d81891aa357b805f28459f0783739831b995cf6417bd006eda48?s=96&d=mm&r=g\",\"caption\":\"dev_techunit_io\"}}]}<\/script>\n<!-- \/ Yoast SEO plugin. -->","yoast_head_json":{"title":"Miroslava Vatsik, m\u00e9decin sp\u00e9cialiste de la reproduction \u00e0 la clinique ISIDA, a fait un expos\u00e9 lors d'une conf\u00e9rence internationale &#060; ISIDA International","robots":{"index":"index","follow":"follow","max-snippet":"max-snippet:-1","max-image-preview":"max-image-preview:large","max-video-preview":"max-video-preview:-1"},"og_locale":"fr_FR","og_type":"article","og_title":"Miroslava Vatsik, m\u00e9decin sp\u00e9cialiste de la reproduction \u00e0 la clinique ISIDA, a fait un expos\u00e9 lors d'une conf\u00e9rence internationale &#060; ISIDA International","og_description":"Les m\u00e9decins de la clinique ISIDA participent r\u00e9guli\u00e8rement aux travaux de conf\u00e9rences scientifiques et pratiques \u00e9trang\u00e8res et nationales, de colloques et de s\u00e9minaires. Cela donne l&rsquo;occasion de se familiariser avec les nouveaut\u00e9s dans le domaine de la M\u00e9decine de la reproduction et de partager avec des coll\u00e8gues leurs propres r\u00e9alisations et connaissances. C&rsquo;est dans ce [&hellip;]","og_url":"https:\/\/isida-ivf.com\/fr\/miroslava-vatsik-medecin-specialiste-de-la-reproduction-a-la-clinique-isida-a-fait-un-expose-lors-dune-conference-internationale\/","og_site_name":"ISIDA International","article_publisher":"https:\/\/www.facebook.com\/isidaivf\/","article_published_time":"2018-01-09T10:42:00+00:00","article_modified_time":"2023-08-22T09:58:29+00:00","og_image":[{"width":1200,"height":500,"url":"https:\/\/isida-ivf.com\/wp-content\/uploads\/2023\/07\/post72.jpg","type":"image\/jpeg"}],"author":"dev_techunit_io","twitter_card":"summary_large_image","twitter_misc":{"\u00c9crit par":"dev_techunit_io","Dur\u00e9e de lecture estim\u00e9e":"1 minute"},"schema":{"@context":"https:\/\/schema.org","@graph":[{"@type":"Article","@id":"https:\/\/isida-ivf.com\/fr\/miroslava-vatsik-medecin-specialiste-de-la-reproduction-a-la-clinique-isida-a-fait-un-expose-lors-dune-conference-internationale\/#article","isPartOf":{"@id":"https:\/\/isida-ivf.com\/fr\/miroslava-vatsik-medecin-specialiste-de-la-reproduction-a-la-clinique-isida-a-fait-un-expose-lors-dune-conference-internationale\/"},"author":{"name":"dev_techunit_io","@id":"https:\/\/isida-ivf.com\/#\/schema\/person\/d4aa9815be9532c90c2597f346c62bf3"},"headline":"Miroslava Vatsik, m\u00e9decin sp\u00e9cialiste de la reproduction \u00e0 la clinique ISIDA, a fait un expos\u00e9 lors d&rsquo;une conf\u00e9rence internationale","datePublished":"2018-01-09T10:42:00+00:00","dateModified":"2023-08-22T09:58:29+00:00","mainEntityOfPage":{"@id":"https:\/\/isida-ivf.com\/fr\/miroslava-vatsik-medecin-specialiste-de-la-reproduction-a-la-clinique-isida-a-fait-un-expose-lors-dune-conference-internationale\/"},"wordCount":297,"commentCount":0,"publisher":{"@id":"https:\/\/isida-ivf.com\/#organization"},"articleSection":["Non classifi\u00e9(e)"],"inLanguage":"fr-FR","potentialAction":[{"@type":"CommentAction","name":"Comment","target":["https:\/\/isida-ivf.com\/fr\/miroslava-vatsik-medecin-specialiste-de-la-reproduction-a-la-clinique-isida-a-fait-un-expose-lors-dune-conference-internationale\/#respond"]}]},{"@type":"WebPage","@id":"https:\/\/isida-ivf.com\/fr\/miroslava-vatsik-medecin-specialiste-de-la-reproduction-a-la-clinique-isida-a-fait-un-expose-lors-dune-conference-internationale\/","url":"https:\/\/isida-ivf.com\/fr\/miroslava-vatsik-medecin-specialiste-de-la-reproduction-a-la-clinique-isida-a-fait-un-expose-lors-dune-conference-internationale\/","name":"Miroslava Vatsik, m\u00e9decin sp\u00e9cialiste de la reproduction \u00e0 la clinique ISIDA, a fait un expos\u00e9 lors d'une conf\u00e9rence internationale &#060; ISIDA International","isPartOf":{"@id":"https:\/\/isida-ivf.com\/#website"},"datePublished":"2018-01-09T10:42:00+00:00","dateModified":"2023-08-22T09:58:29+00:00","breadcrumb":{"@id":"https:\/\/isida-ivf.com\/fr\/miroslava-vatsik-medecin-specialiste-de-la-reproduction-a-la-clinique-isida-a-fait-un-expose-lors-dune-conference-internationale\/#breadcrumb"},"inLanguage":"fr-FR","potentialAction":[{"@type":"ReadAction","target":["https:\/\/isida-ivf.com\/fr\/miroslava-vatsik-medecin-specialiste-de-la-reproduction-a-la-clinique-isida-a-fait-un-expose-lors-dune-conference-internationale\/"]}]},{"@type":"BreadcrumbList","@id":"https:\/\/isida-ivf.com\/fr\/miroslava-vatsik-medecin-specialiste-de-la-reproduction-a-la-clinique-isida-a-fait-un-expose-lors-dune-conference-internationale\/#breadcrumb","itemListElement":[{"@type":"ListItem","position":1,"name":"Home","item":"https:\/\/isida-ivf.com\/fr\/"},{"@type":"ListItem","position":2,"name":"Miroslava Vatsik, m\u00e9decin sp\u00e9cialiste de la reproduction \u00e0 la clinique ISIDA, a fait un expos\u00e9 lors d&rsquo;une conf\u00e9rence internationale"}]},{"@type":"WebSite","@id":"https:\/\/isida-ivf.com\/#website","url":"https:\/\/isida-ivf.com\/","name":"ISIDA International","description":"ISIDA clinic work schedule","publisher":{"@id":"https:\/\/isida-ivf.com\/#organization"},"potentialAction":[{"@type":"SearchAction","target":{"@type":"EntryPoint","urlTemplate":"https:\/\/isida-ivf.com\/?s={search_term_string}"},"query-input":"required name=search_term_string"}],"inLanguage":"fr-FR"},{"@type":"Organization","@id":"https:\/\/isida-ivf.com\/#organization","name":"ISIDA International","url":"https:\/\/isida-ivf.com\/","logo":{"@type":"ImageObject","inLanguage":"fr-FR","@id":"https:\/\/isida-ivf.com\/#\/schema\/logo\/image\/","url":"https:\/\/isida-ivf.com\/wp-content\/uploads\/2022\/03\/logo.svg","contentUrl":"https:\/\/isida-ivf.com\/wp-content\/uploads\/2022\/03\/logo.svg","width":93,"height":45,"caption":"ISIDA International"},"image":{"@id":"https:\/\/isida-ivf.com\/#\/schema\/logo\/image\/"},"sameAs":["https:\/\/www.facebook.com\/isidaivf\/","https:\/\/www.instagram.com\/isida_ivf\/","https:\/\/www.youtube.com\/channel\/UCIEjGU7re1qO_k3bHgPABeg?view_as=subscriber"]},{"@type":"Person","@id":"https:\/\/isida-ivf.com\/#\/schema\/person\/d4aa9815be9532c90c2597f346c62bf3","name":"dev_techunit_io","image":{"@type":"ImageObject","inLanguage":"fr-FR","@id":"https:\/\/isida-ivf.com\/#\/schema\/person\/image\/","url":"https:\/\/secure.gravatar.com\/avatar\/967a4b897cc1d81891aa357b805f28459f0783739831b995cf6417bd006eda48?s=96&d=mm&r=g","contentUrl":"https:\/\/secure.gravatar.com\/avatar\/967a4b897cc1d81891aa357b805f28459f0783739831b995cf6417bd006eda48?s=96&d=mm&r=g","caption":"dev_techunit_io"}}]}},"_links":{"self":[{"href":"https:\/\/isida-ivf.com\/fr\/wp-json\/wp\/v2\/posts\/16007","targetHints":{"allow":["GET"]}}],"collection":[{"href":"https:\/\/isida-ivf.com\/fr\/wp-json\/wp\/v2\/posts"}],"about":[{"href":"https:\/\/isida-ivf.com\/fr\/wp-json\/wp\/v2\/types\/post"}],"author":[{"embeddable":true,"href":"https:\/\/isida-ivf.com\/fr\/wp-json\/wp\/v2\/users\/10"}],"replies":[{"embeddable":true,"href":"https:\/\/isida-ivf.com\/fr\/wp-json\/wp\/v2\/comments?post=16007"}],"version-history":[{"count":0,"href":"https:\/\/isida-ivf.com\/fr\/wp-json\/wp\/v2\/posts\/16007\/revisions"}],"wp:featuredmedia":[{"embeddable":true,"href":"https:\/\/isida-ivf.com\/fr\/wp-json\/wp\/v2\/media\/14541"}],"wp:attachment":[{"href":"https:\/\/isida-ivf.com\/fr\/wp-json\/wp\/v2\/media?parent=16007"}],"wp:term":[{"taxonomy":"category","embeddable":true,"href":"https:\/\/isida-ivf.com\/fr\/wp-json\/wp\/v2\/categories?post=16007"},{"taxonomy":"post_tag","embeddable":true,"href":"https:\/\/isida-ivf.com\/fr\/wp-json\/wp\/v2\/tags?post=16007"}],"curies":[{"name":"wp","href":"https:\/\/api.w.org\/{rel}","templated":true}]}}