{"id":16519,"date":"2018-01-09T13:42:00","date_gmt":"2018-01-09T10:42:00","guid":{"rendered":"https:\/\/isida-ivf.com\/die-reproduktionsmedizinerin-der-isida-klinik-miroslava-vacic-hielt-einen-vortrag-auf-einer-internationalen-konferenz\/"},"modified":"2023-08-30T13:50:26","modified_gmt":"2023-08-30T10:50:26","slug":"die-reproduktionsmedizinerin-der-isida-klinik-miroslava-vacic-hielt-einen-vortrag-auf-einer-internationalen-konferenz","status":"publish","type":"post","link":"https:\/\/isida-ivf.com\/de\/die-reproduktionsmedizinerin-der-isida-klinik-miroslava-vacic-hielt-einen-vortrag-auf-einer-internationalen-konferenz\/","title":{"rendered":"Die Reproduktionsmedizinerin der ISIDA-Klinik, Miroslava Vacic, hielt einen Vortrag auf einer internationalen Konferenz"},"content":{"rendered":"\n<p>Die \u00c4rzte der ISIDA-Klinik nehmen regelm\u00e4\u00dfig an ausl\u00e4ndischen und inl\u00e4ndischen wissenschaftlichen und praktischen Konferenzen, Symposien und Seminaren teil. Dies bietet die M\u00f6glichkeit, neue Entwicklungen in der Reproduktionsmedizin kennenzulernen und ihre eigenen Errungenschaften und Erkenntnisse mit Kollegen auszutauschen. Zu diesem Zweck besuchte die Reproduktionsmedizinerin der Klinik ISIDA, Miroslava Vacik, Ende November letzten Jahres die Internationale wissenschaftlich-praktische Konferenz \u00abInnovative Technologien in der Geburtshilfe und Gyn\u00e4kologie: Von der Wissenschaft zur Praxis\u00bb, die in den St\u00e4dten Iwano-Frankiwsk und Jaremtsche stattfand. Auf dieser Konferenz hielt die \u00c4rztin Miroslava Vacic, die \u00fcber 15 Jahre Erfahrung in der praktischen Arbeit hat und mehr als 20 wissenschaftliche Publikationen zur Behandlung von Unfruchtbarkeit verfasst hat, einen wissenschaftlichen Vortrag.<\/p>\n\n<p>Die Konferenzteilnehmer h\u00f6rten Vortr\u00e4ge zu folgenden Themen:<\/p>\n\n<ul class=\"wp-block-list\">\n<li>umsetzung nationaler klinischer Protokolle in der Geburtshilfe und Gyn\u00e4kologie;<\/li>\n\n\n\n<li>dringende Zust\u00e4nde in der geburtshilflichen und gyn\u00e4kologischen Praxis;<\/li>\n\n\n\n<li>extragenitale Pathologie und Schwangerschaft;<\/li>\n\n\n\n<li>problematische Fragen der Onkoginekologie;<\/li>\n\n\n\n<li>die Harmonie der Gesundheit von Frauen in verschiedenen Altersgruppen;<\/li>\n\n\n\n<li>operative Geburtshilfe und Gyn\u00e4kologie;<\/li>\n\n\n\n<li>et\u00fcden der Reproduktionsmedizin;<\/li>\n\n\n\n<li>geburtshilfliche Problematik aus der Sicht der Familienmedizin;<\/li>\n\n\n\n<li>weiterbildung: Erfolge, Herausforderungen und Perspektiven.<\/li>\n<\/ul>\n\n<p>Dar\u00fcber hinaus hatten die Konferenzteilnehmer die M\u00f6glichkeit, verschiedene Workshops zu besuchen, einschlie\u00dflich eines Workshops zur Hysteroskopie.<\/p>\n\n<p><\/p>\n","protected":false},"excerpt":{"rendered":"<p>Die \u00c4rzte der ISIDA-Klinik nehmen regelm\u00e4\u00dfig an ausl\u00e4ndischen und inl\u00e4ndischen wissenschaftlichen und praktischen Konferenzen, Symposien und Seminaren teil. Dies bietet die M\u00f6glichkeit, neue Entwicklungen in der Reproduktionsmedizin kennenzulernen und ihre eigenen Errungenschaften und Erkenntnisse mit Kollegen auszutauschen. Zu diesem Zweck besuchte die Reproduktionsmedizinerin der Klinik ISIDA, Miroslava Vacik, Ende November letzten Jahres die Internationale wissenschaftlich-praktische [&hellip;]<\/p>\n","protected":false},"author":10,"featured_media":14542,"comment_status":"open","ping_status":"open","sticky":false,"template":"","format":"standard","meta":{"footnotes":""},"categories":[46],"tags":[],"class_list":["post-16519","post","type-post","status-publish","format-standard","has-post-thumbnail","hentry","category-unkategorisiert"],"yoast_head":"<!-- This site is optimized with the Yoast SEO plugin v21.3 - https:\/\/yoast.com\/wordpress\/plugins\/seo\/ -->\n<title>Die Reproduktionsmedizinerin der ISIDA-Klinik, Miroslava Vacic, hielt einen Vortrag auf einer internationalen Konferenz &#060; ISIDA International<\/title>\n<meta name=\"robots\" content=\"index, follow, max-snippet:-1, max-image-preview:large, max-video-preview:-1\" \/>\n<meta property=\"og:locale\" content=\"de_DE\" \/>\n<meta property=\"og:type\" content=\"article\" \/>\n<meta property=\"og:title\" content=\"Die Reproduktionsmedizinerin der ISIDA-Klinik, Miroslava Vacic, hielt einen Vortrag auf einer internationalen Konferenz &#060; ISIDA International\" \/>\n<meta property=\"og:description\" content=\"Die \u00c4rzte der ISIDA-Klinik nehmen regelm\u00e4\u00dfig an ausl\u00e4ndischen und inl\u00e4ndischen wissenschaftlichen und praktischen Konferenzen, Symposien und Seminaren teil. Dies bietet die M\u00f6glichkeit, neue Entwicklungen in der Reproduktionsmedizin kennenzulernen und ihre eigenen Errungenschaften und Erkenntnisse mit Kollegen auszutauschen. Zu diesem Zweck besuchte die Reproduktionsmedizinerin der Klinik ISIDA, Miroslava Vacik, Ende November letzten Jahres die Internationale wissenschaftlich-praktische [&hellip;]\" \/>\n<meta property=\"og:url\" content=\"https:\/\/isida-ivf.com\/de\/die-reproduktionsmedizinerin-der-isida-klinik-miroslava-vacic-hielt-einen-vortrag-auf-einer-internationalen-konferenz\/\" \/>\n<meta property=\"og:site_name\" content=\"ISIDA International\" \/>\n<meta property=\"article:publisher\" content=\"https:\/\/www.facebook.com\/isidaivf\/\" \/>\n<meta property=\"article:published_time\" content=\"2018-01-09T10:42:00+00:00\" \/>\n<meta property=\"article:modified_time\" content=\"2023-08-30T10:50:26+00:00\" \/>\n<meta property=\"og:image\" content=\"https:\/\/isida-ivf.com\/wp-content\/uploads\/2023\/07\/post72.jpg\" \/>\n\t<meta property=\"og:image:width\" content=\"1200\" \/>\n\t<meta property=\"og:image:height\" content=\"500\" \/>\n\t<meta property=\"og:image:type\" content=\"image\/jpeg\" \/>\n<meta name=\"author\" content=\"dev_techunit_io\" \/>\n<meta name=\"twitter:card\" content=\"summary_large_image\" \/>\n<meta name=\"twitter:label1\" content=\"Verfasst von\" \/>\n\t<meta name=\"twitter:data1\" content=\"dev_techunit_io\" \/>\n\t<meta name=\"twitter:label2\" content=\"Gesch\u00e4tzte Lesezeit\" \/>\n\t<meta name=\"twitter:data2\" content=\"1\u00a0Minute\" \/>\n<script type=\"application\/ld+json\" class=\"yoast-schema-graph\">{\"@context\":\"https:\/\/schema.org\",\"@graph\":[{\"@type\":\"Article\",\"@id\":\"https:\/\/isida-ivf.com\/de\/die-reproduktionsmedizinerin-der-isida-klinik-miroslava-vacic-hielt-einen-vortrag-auf-einer-internationalen-konferenz\/#article\",\"isPartOf\":{\"@id\":\"https:\/\/isida-ivf.com\/de\/die-reproduktionsmedizinerin-der-isida-klinik-miroslava-vacic-hielt-einen-vortrag-auf-einer-internationalen-konferenz\/\"},\"author\":{\"name\":\"dev_techunit_io\",\"@id\":\"https:\/\/isida-ivf.com\/#\/schema\/person\/d4aa9815be9532c90c2597f346c62bf3\"},\"headline\":\"Die Reproduktionsmedizinerin der ISIDA-Klinik, Miroslava Vacic, hielt einen Vortrag auf einer internationalen Konferenz\",\"datePublished\":\"2018-01-09T10:42:00+00:00\",\"dateModified\":\"2023-08-30T10:50:26+00:00\",\"mainEntityOfPage\":{\"@id\":\"https:\/\/isida-ivf.com\/de\/die-reproduktionsmedizinerin-der-isida-klinik-miroslava-vacic-hielt-einen-vortrag-auf-einer-internationalen-konferenz\/\"},\"wordCount\":212,\"commentCount\":0,\"publisher\":{\"@id\":\"https:\/\/isida-ivf.com\/#organization\"},\"articleSection\":[\"Unkategorisiert\"],\"inLanguage\":\"de\",\"potentialAction\":[{\"@type\":\"CommentAction\",\"name\":\"Comment\",\"target\":[\"https:\/\/isida-ivf.com\/de\/die-reproduktionsmedizinerin-der-isida-klinik-miroslava-vacic-hielt-einen-vortrag-auf-einer-internationalen-konferenz\/#respond\"]}]},{\"@type\":\"WebPage\",\"@id\":\"https:\/\/isida-ivf.com\/de\/die-reproduktionsmedizinerin-der-isida-klinik-miroslava-vacic-hielt-einen-vortrag-auf-einer-internationalen-konferenz\/\",\"url\":\"https:\/\/isida-ivf.com\/de\/die-reproduktionsmedizinerin-der-isida-klinik-miroslava-vacic-hielt-einen-vortrag-auf-einer-internationalen-konferenz\/\",\"name\":\"Die Reproduktionsmedizinerin der ISIDA-Klinik, Miroslava Vacic, hielt einen Vortrag auf einer internationalen Konferenz &#060; ISIDA International\",\"isPartOf\":{\"@id\":\"https:\/\/isida-ivf.com\/#website\"},\"datePublished\":\"2018-01-09T10:42:00+00:00\",\"dateModified\":\"2023-08-30T10:50:26+00:00\",\"breadcrumb\":{\"@id\":\"https:\/\/isida-ivf.com\/de\/die-reproduktionsmedizinerin-der-isida-klinik-miroslava-vacic-hielt-einen-vortrag-auf-einer-internationalen-konferenz\/#breadcrumb\"},\"inLanguage\":\"de\",\"potentialAction\":[{\"@type\":\"ReadAction\",\"target\":[\"https:\/\/isida-ivf.com\/de\/die-reproduktionsmedizinerin-der-isida-klinik-miroslava-vacic-hielt-einen-vortrag-auf-einer-internationalen-konferenz\/\"]}]},{\"@type\":\"BreadcrumbList\",\"@id\":\"https:\/\/isida-ivf.com\/de\/die-reproduktionsmedizinerin-der-isida-klinik-miroslava-vacic-hielt-einen-vortrag-auf-einer-internationalen-konferenz\/#breadcrumb\",\"itemListElement\":[{\"@type\":\"ListItem\",\"position\":1,\"name\":\"Home\",\"item\":\"https:\/\/isida-ivf.com\/de\/\"},{\"@type\":\"ListItem\",\"position\":2,\"name\":\"Die Reproduktionsmedizinerin der ISIDA-Klinik, Miroslava Vacic, hielt einen Vortrag auf einer internationalen Konferenz\"}]},{\"@type\":\"WebSite\",\"@id\":\"https:\/\/isida-ivf.com\/#website\",\"url\":\"https:\/\/isida-ivf.com\/\",\"name\":\"ISIDA International\",\"description\":\"ISIDA clinic work schedule\",\"publisher\":{\"@id\":\"https:\/\/isida-ivf.com\/#organization\"},\"potentialAction\":[{\"@type\":\"SearchAction\",\"target\":{\"@type\":\"EntryPoint\",\"urlTemplate\":\"https:\/\/isida-ivf.com\/?s={search_term_string}\"},\"query-input\":\"required name=search_term_string\"}],\"inLanguage\":\"de\"},{\"@type\":\"Organization\",\"@id\":\"https:\/\/isida-ivf.com\/#organization\",\"name\":\"ISIDA International\",\"url\":\"https:\/\/isida-ivf.com\/\",\"logo\":{\"@type\":\"ImageObject\",\"inLanguage\":\"de\",\"@id\":\"https:\/\/isida-ivf.com\/#\/schema\/logo\/image\/\",\"url\":\"https:\/\/isida-ivf.com\/wp-content\/uploads\/2022\/03\/logo.svg\",\"contentUrl\":\"https:\/\/isida-ivf.com\/wp-content\/uploads\/2022\/03\/logo.svg\",\"width\":93,\"height\":45,\"caption\":\"ISIDA International\"},\"image\":{\"@id\":\"https:\/\/isida-ivf.com\/#\/schema\/logo\/image\/\"},\"sameAs\":[\"https:\/\/www.facebook.com\/isidaivf\/\",\"https:\/\/www.instagram.com\/isida_ivf\/\",\"https:\/\/www.youtube.com\/channel\/UCIEjGU7re1qO_k3bHgPABeg?view_as=subscriber\"]},{\"@type\":\"Person\",\"@id\":\"https:\/\/isida-ivf.com\/#\/schema\/person\/d4aa9815be9532c90c2597f346c62bf3\",\"name\":\"dev_techunit_io\",\"image\":{\"@type\":\"ImageObject\",\"inLanguage\":\"de\",\"@id\":\"https:\/\/isida-ivf.com\/#\/schema\/person\/image\/\",\"url\":\"https:\/\/secure.gravatar.com\/avatar\/967a4b897cc1d81891aa357b805f28459f0783739831b995cf6417bd006eda48?s=96&d=mm&r=g\",\"contentUrl\":\"https:\/\/secure.gravatar.com\/avatar\/967a4b897cc1d81891aa357b805f28459f0783739831b995cf6417bd006eda48?s=96&d=mm&r=g\",\"caption\":\"dev_techunit_io\"}}]}<\/script>\n<!-- \/ Yoast SEO plugin. -->","yoast_head_json":{"title":"Die Reproduktionsmedizinerin der ISIDA-Klinik, Miroslava Vacic, hielt einen Vortrag auf einer internationalen Konferenz &#060; ISIDA International","robots":{"index":"index","follow":"follow","max-snippet":"max-snippet:-1","max-image-preview":"max-image-preview:large","max-video-preview":"max-video-preview:-1"},"og_locale":"de_DE","og_type":"article","og_title":"Die Reproduktionsmedizinerin der ISIDA-Klinik, Miroslava Vacic, hielt einen Vortrag auf einer internationalen Konferenz &#060; ISIDA International","og_description":"Die \u00c4rzte der ISIDA-Klinik nehmen regelm\u00e4\u00dfig an ausl\u00e4ndischen und inl\u00e4ndischen wissenschaftlichen und praktischen Konferenzen, Symposien und Seminaren teil. Dies bietet die M\u00f6glichkeit, neue Entwicklungen in der Reproduktionsmedizin kennenzulernen und ihre eigenen Errungenschaften und Erkenntnisse mit Kollegen auszutauschen. Zu diesem Zweck besuchte die Reproduktionsmedizinerin der Klinik ISIDA, Miroslava Vacik, Ende November letzten Jahres die Internationale wissenschaftlich-praktische [&hellip;]","og_url":"https:\/\/isida-ivf.com\/de\/die-reproduktionsmedizinerin-der-isida-klinik-miroslava-vacic-hielt-einen-vortrag-auf-einer-internationalen-konferenz\/","og_site_name":"ISIDA International","article_publisher":"https:\/\/www.facebook.com\/isidaivf\/","article_published_time":"2018-01-09T10:42:00+00:00","article_modified_time":"2023-08-30T10:50:26+00:00","og_image":[{"width":1200,"height":500,"url":"https:\/\/isida-ivf.com\/wp-content\/uploads\/2023\/07\/post72.jpg","type":"image\/jpeg"}],"author":"dev_techunit_io","twitter_card":"summary_large_image","twitter_misc":{"Verfasst von":"dev_techunit_io","Gesch\u00e4tzte Lesezeit":"1\u00a0Minute"},"schema":{"@context":"https:\/\/schema.org","@graph":[{"@type":"Article","@id":"https:\/\/isida-ivf.com\/de\/die-reproduktionsmedizinerin-der-isida-klinik-miroslava-vacic-hielt-einen-vortrag-auf-einer-internationalen-konferenz\/#article","isPartOf":{"@id":"https:\/\/isida-ivf.com\/de\/die-reproduktionsmedizinerin-der-isida-klinik-miroslava-vacic-hielt-einen-vortrag-auf-einer-internationalen-konferenz\/"},"author":{"name":"dev_techunit_io","@id":"https:\/\/isida-ivf.com\/#\/schema\/person\/d4aa9815be9532c90c2597f346c62bf3"},"headline":"Die Reproduktionsmedizinerin der ISIDA-Klinik, Miroslava Vacic, hielt einen Vortrag auf einer internationalen Konferenz","datePublished":"2018-01-09T10:42:00+00:00","dateModified":"2023-08-30T10:50:26+00:00","mainEntityOfPage":{"@id":"https:\/\/isida-ivf.com\/de\/die-reproduktionsmedizinerin-der-isida-klinik-miroslava-vacic-hielt-einen-vortrag-auf-einer-internationalen-konferenz\/"},"wordCount":212,"commentCount":0,"publisher":{"@id":"https:\/\/isida-ivf.com\/#organization"},"articleSection":["Unkategorisiert"],"inLanguage":"de","potentialAction":[{"@type":"CommentAction","name":"Comment","target":["https:\/\/isida-ivf.com\/de\/die-reproduktionsmedizinerin-der-isida-klinik-miroslava-vacic-hielt-einen-vortrag-auf-einer-internationalen-konferenz\/#respond"]}]},{"@type":"WebPage","@id":"https:\/\/isida-ivf.com\/de\/die-reproduktionsmedizinerin-der-isida-klinik-miroslava-vacic-hielt-einen-vortrag-auf-einer-internationalen-konferenz\/","url":"https:\/\/isida-ivf.com\/de\/die-reproduktionsmedizinerin-der-isida-klinik-miroslava-vacic-hielt-einen-vortrag-auf-einer-internationalen-konferenz\/","name":"Die Reproduktionsmedizinerin der ISIDA-Klinik, Miroslava Vacic, hielt einen Vortrag auf einer internationalen Konferenz &#060; ISIDA International","isPartOf":{"@id":"https:\/\/isida-ivf.com\/#website"},"datePublished":"2018-01-09T10:42:00+00:00","dateModified":"2023-08-30T10:50:26+00:00","breadcrumb":{"@id":"https:\/\/isida-ivf.com\/de\/die-reproduktionsmedizinerin-der-isida-klinik-miroslava-vacic-hielt-einen-vortrag-auf-einer-internationalen-konferenz\/#breadcrumb"},"inLanguage":"de","potentialAction":[{"@type":"ReadAction","target":["https:\/\/isida-ivf.com\/de\/die-reproduktionsmedizinerin-der-isida-klinik-miroslava-vacic-hielt-einen-vortrag-auf-einer-internationalen-konferenz\/"]}]},{"@type":"BreadcrumbList","@id":"https:\/\/isida-ivf.com\/de\/die-reproduktionsmedizinerin-der-isida-klinik-miroslava-vacic-hielt-einen-vortrag-auf-einer-internationalen-konferenz\/#breadcrumb","itemListElement":[{"@type":"ListItem","position":1,"name":"Home","item":"https:\/\/isida-ivf.com\/de\/"},{"@type":"ListItem","position":2,"name":"Die Reproduktionsmedizinerin der ISIDA-Klinik, Miroslava Vacic, hielt einen Vortrag auf einer internationalen Konferenz"}]},{"@type":"WebSite","@id":"https:\/\/isida-ivf.com\/#website","url":"https:\/\/isida-ivf.com\/","name":"ISIDA International","description":"ISIDA clinic work schedule","publisher":{"@id":"https:\/\/isida-ivf.com\/#organization"},"potentialAction":[{"@type":"SearchAction","target":{"@type":"EntryPoint","urlTemplate":"https:\/\/isida-ivf.com\/?s={search_term_string}"},"query-input":"required name=search_term_string"}],"inLanguage":"de"},{"@type":"Organization","@id":"https:\/\/isida-ivf.com\/#organization","name":"ISIDA International","url":"https:\/\/isida-ivf.com\/","logo":{"@type":"ImageObject","inLanguage":"de","@id":"https:\/\/isida-ivf.com\/#\/schema\/logo\/image\/","url":"https:\/\/isida-ivf.com\/wp-content\/uploads\/2022\/03\/logo.svg","contentUrl":"https:\/\/isida-ivf.com\/wp-content\/uploads\/2022\/03\/logo.svg","width":93,"height":45,"caption":"ISIDA International"},"image":{"@id":"https:\/\/isida-ivf.com\/#\/schema\/logo\/image\/"},"sameAs":["https:\/\/www.facebook.com\/isidaivf\/","https:\/\/www.instagram.com\/isida_ivf\/","https:\/\/www.youtube.com\/channel\/UCIEjGU7re1qO_k3bHgPABeg?view_as=subscriber"]},{"@type":"Person","@id":"https:\/\/isida-ivf.com\/#\/schema\/person\/d4aa9815be9532c90c2597f346c62bf3","name":"dev_techunit_io","image":{"@type":"ImageObject","inLanguage":"de","@id":"https:\/\/isida-ivf.com\/#\/schema\/person\/image\/","url":"https:\/\/secure.gravatar.com\/avatar\/967a4b897cc1d81891aa357b805f28459f0783739831b995cf6417bd006eda48?s=96&d=mm&r=g","contentUrl":"https:\/\/secure.gravatar.com\/avatar\/967a4b897cc1d81891aa357b805f28459f0783739831b995cf6417bd006eda48?s=96&d=mm&r=g","caption":"dev_techunit_io"}}]}},"_links":{"self":[{"href":"https:\/\/isida-ivf.com\/de\/wp-json\/wp\/v2\/posts\/16519","targetHints":{"allow":["GET"]}}],"collection":[{"href":"https:\/\/isida-ivf.com\/de\/wp-json\/wp\/v2\/posts"}],"about":[{"href":"https:\/\/isida-ivf.com\/de\/wp-json\/wp\/v2\/types\/post"}],"author":[{"embeddable":true,"href":"https:\/\/isida-ivf.com\/de\/wp-json\/wp\/v2\/users\/10"}],"replies":[{"embeddable":true,"href":"https:\/\/isida-ivf.com\/de\/wp-json\/wp\/v2\/comments?post=16519"}],"version-history":[{"count":0,"href":"https:\/\/isida-ivf.com\/de\/wp-json\/wp\/v2\/posts\/16519\/revisions"}],"wp:featuredmedia":[{"embeddable":true,"href":"https:\/\/isida-ivf.com\/de\/wp-json\/wp\/v2\/media\/14542"}],"wp:attachment":[{"href":"https:\/\/isida-ivf.com\/de\/wp-json\/wp\/v2\/media?parent=16519"}],"wp:term":[{"taxonomy":"category","embeddable":true,"href":"https:\/\/isida-ivf.com\/de\/wp-json\/wp\/v2\/categories?post=16519"},{"taxonomy":"post_tag","embeddable":true,"href":"https:\/\/isida-ivf.com\/de\/wp-json\/wp\/v2\/tags?post=16519"}],"curies":[{"name":"wp","href":"https:\/\/api.w.org\/{rel}","templated":true}]}}