{"id":16419,"date":"2017-04-03T13:38:00","date_gmt":"2017-04-03T10:38:00","guid":{"rendered":"https:\/\/isida-ivf.com\/vielen-dank-an-dr-shiyanova-fuer-unsere-tochter\/"},"modified":"2023-08-29T18:05:08","modified_gmt":"2023-08-29T15:05:08","slug":"vielen-dank-an-dr-shiyanova-fuer-unsere-tochter","status":"publish","type":"post","link":"https:\/\/isida-ivf.com\/de\/vielen-dank-an-dr-shiyanova-fuer-unsere-tochter\/","title":{"rendered":"Vielen Dank an Dr. Shiyanova f\u00fcr unsere Tochter!"},"content":{"rendered":"\n<p>Wir m\u00f6chten uns bei Svetlana Shiyanova f\u00fcr unsere Tochter sehr bedanken! &#8211; sagt unsere Patientin Elena.<\/p>\n\n<p>Im Jahr 2013 (im Dezember) kamen wir zum ersten Mal zu einer Umfrage und einem Kennenlernen nach ISIDA. Vorher waren es 8 (!!!) jahre der Behandlung. Das ist ein Albtraum!!! Wie ich mich erinnere, werde ich so zucken! Ich denke, viele werden mich verstehen.<\/p>\n\n<p>Damals wartete ich darauf, dass ich an der Reihe war, in der Zeitschrift ISIDA Happy Moments einen Artikel las, in dem bereits gl\u00fcckliche Eltern den \u00c4rzten f\u00fcr das Baby dankten. Sie schrieben, dass sie ein Jahr nach dem ersten Besuch schwanger wurden. Ich habe damals davon getr\u00e4umt, dass es auch bei uns so war))<\/p>\n\n<p>Und was denken Sie?! Genau ein Jahr sp\u00e4ter, am 30. Dezember 2014, hatten wir eine \u00dcbertragung, und am 13.01.2015 gab ich hCG ab und erfuhr, dass ich schwanger war!)))))))<\/p>\n\n<p>Es war der 2. Versuch von IVF. Am 16.09.2015 wurde eine Tochter geboren;)<\/p>\n\n<p>Ich m\u00f6chte nochmals vielen Dank an das gesamte Personal von ISIDA sagen! Besonderer Dank geht an Svetlana Shiyanova!<\/p>\n","protected":false},"excerpt":{"rendered":"<p>Wir m\u00f6chten uns bei Svetlana Shiyanova f\u00fcr unsere Tochter sehr bedanken! &#8211; sagt unsere Patientin Elena. Im Jahr 2013 (im Dezember) kamen wir zum ersten Mal zu einer Umfrage und einem Kennenlernen nach ISIDA. Vorher waren es 8 (!!!) jahre der Behandlung. Das ist ein Albtraum!!! Wie ich mich erinnere, werde ich so zucken! Ich [&hellip;]<\/p>\n","protected":false},"author":10,"featured_media":14917,"comment_status":"open","ping_status":"open","sticky":false,"template":"","format":"standard","meta":{"footnotes":""},"categories":[46],"tags":[],"class_list":["post-16419","post","type-post","status-publish","format-standard","has-post-thumbnail","hentry","category-unkategorisiert"],"yoast_head":"<!-- This site is optimized with the Yoast SEO plugin v21.3 - https:\/\/yoast.com\/wordpress\/plugins\/seo\/ -->\n<title>Vielen Dank an Dr. Shiyanova f\u00fcr unsere Tochter! &#060; ISIDA International<\/title>\n<meta name=\"robots\" content=\"index, follow, max-snippet:-1, max-image-preview:large, max-video-preview:-1\" \/>\n<meta property=\"og:locale\" content=\"de_DE\" \/>\n<meta property=\"og:type\" content=\"article\" \/>\n<meta property=\"og:title\" content=\"Vielen Dank an Dr. Shiyanova f\u00fcr unsere Tochter! &#060; ISIDA International\" \/>\n<meta property=\"og:description\" content=\"Wir m\u00f6chten uns bei Svetlana Shiyanova f\u00fcr unsere Tochter sehr bedanken! &#8211; sagt unsere Patientin Elena. Im Jahr 2013 (im Dezember) kamen wir zum ersten Mal zu einer Umfrage und einem Kennenlernen nach ISIDA. Vorher waren es 8 (!!!) jahre der Behandlung. Das ist ein Albtraum!!! Wie ich mich erinnere, werde ich so zucken! Ich [&hellip;]\" \/>\n<meta property=\"og:url\" content=\"https:\/\/isida-ivf.com\/de\/vielen-dank-an-dr-shiyanova-fuer-unsere-tochter\/\" \/>\n<meta property=\"og:site_name\" content=\"ISIDA International\" \/>\n<meta property=\"article:publisher\" content=\"https:\/\/www.facebook.com\/isidaivf\/\" \/>\n<meta property=\"article:published_time\" content=\"2017-04-03T10:38:00+00:00\" \/>\n<meta property=\"article:modified_time\" content=\"2023-08-29T15:05:08+00:00\" \/>\n<meta property=\"og:image\" content=\"https:\/\/isida-ivf.com\/wp-content\/uploads\/2023\/07\/post0117.jpg\" \/>\n\t<meta property=\"og:image:width\" content=\"1200\" \/>\n\t<meta property=\"og:image:height\" content=\"500\" \/>\n\t<meta property=\"og:image:type\" content=\"image\/jpeg\" \/>\n<meta name=\"author\" content=\"dev_techunit_io\" \/>\n<meta name=\"twitter:card\" content=\"summary_large_image\" \/>\n<meta name=\"twitter:label1\" content=\"Verfasst von\" \/>\n\t<meta name=\"twitter:data1\" content=\"dev_techunit_io\" \/>\n\t<meta name=\"twitter:label2\" content=\"Gesch\u00e4tzte Lesezeit\" \/>\n\t<meta name=\"twitter:data2\" content=\"1\u00a0Minute\" \/>\n<script type=\"application\/ld+json\" class=\"yoast-schema-graph\">{\"@context\":\"https:\/\/schema.org\",\"@graph\":[{\"@type\":\"Article\",\"@id\":\"https:\/\/isida-ivf.com\/de\/vielen-dank-an-dr-shiyanova-fuer-unsere-tochter\/#article\",\"isPartOf\":{\"@id\":\"https:\/\/isida-ivf.com\/de\/vielen-dank-an-dr-shiyanova-fuer-unsere-tochter\/\"},\"author\":{\"name\":\"dev_techunit_io\",\"@id\":\"https:\/\/isida-ivf.com\/#\/schema\/person\/d4aa9815be9532c90c2597f346c62bf3\"},\"headline\":\"Vielen Dank an Dr. Shiyanova f\u00fcr unsere Tochter!\",\"datePublished\":\"2017-04-03T10:38:00+00:00\",\"dateModified\":\"2023-08-29T15:05:08+00:00\",\"mainEntityOfPage\":{\"@id\":\"https:\/\/isida-ivf.com\/de\/vielen-dank-an-dr-shiyanova-fuer-unsere-tochter\/\"},\"wordCount\":182,\"commentCount\":0,\"publisher\":{\"@id\":\"https:\/\/isida-ivf.com\/#organization\"},\"articleSection\":[\"Unkategorisiert\"],\"inLanguage\":\"de\",\"potentialAction\":[{\"@type\":\"CommentAction\",\"name\":\"Comment\",\"target\":[\"https:\/\/isida-ivf.com\/de\/vielen-dank-an-dr-shiyanova-fuer-unsere-tochter\/#respond\"]}]},{\"@type\":\"WebPage\",\"@id\":\"https:\/\/isida-ivf.com\/de\/vielen-dank-an-dr-shiyanova-fuer-unsere-tochter\/\",\"url\":\"https:\/\/isida-ivf.com\/de\/vielen-dank-an-dr-shiyanova-fuer-unsere-tochter\/\",\"name\":\"Vielen Dank an Dr. Shiyanova f\u00fcr unsere Tochter! &#060; ISIDA International\",\"isPartOf\":{\"@id\":\"https:\/\/isida-ivf.com\/#website\"},\"datePublished\":\"2017-04-03T10:38:00+00:00\",\"dateModified\":\"2023-08-29T15:05:08+00:00\",\"breadcrumb\":{\"@id\":\"https:\/\/isida-ivf.com\/de\/vielen-dank-an-dr-shiyanova-fuer-unsere-tochter\/#breadcrumb\"},\"inLanguage\":\"de\",\"potentialAction\":[{\"@type\":\"ReadAction\",\"target\":[\"https:\/\/isida-ivf.com\/de\/vielen-dank-an-dr-shiyanova-fuer-unsere-tochter\/\"]}]},{\"@type\":\"BreadcrumbList\",\"@id\":\"https:\/\/isida-ivf.com\/de\/vielen-dank-an-dr-shiyanova-fuer-unsere-tochter\/#breadcrumb\",\"itemListElement\":[{\"@type\":\"ListItem\",\"position\":1,\"name\":\"Home\",\"item\":\"https:\/\/isida-ivf.com\/de\/\"},{\"@type\":\"ListItem\",\"position\":2,\"name\":\"Vielen Dank an Dr. Shiyanova f\u00fcr unsere Tochter!\"}]},{\"@type\":\"WebSite\",\"@id\":\"https:\/\/isida-ivf.com\/#website\",\"url\":\"https:\/\/isida-ivf.com\/\",\"name\":\"ISIDA International\",\"description\":\"ISIDA clinic work schedule\",\"publisher\":{\"@id\":\"https:\/\/isida-ivf.com\/#organization\"},\"potentialAction\":[{\"@type\":\"SearchAction\",\"target\":{\"@type\":\"EntryPoint\",\"urlTemplate\":\"https:\/\/isida-ivf.com\/?s={search_term_string}\"},\"query-input\":\"required name=search_term_string\"}],\"inLanguage\":\"de\"},{\"@type\":\"Organization\",\"@id\":\"https:\/\/isida-ivf.com\/#organization\",\"name\":\"ISIDA International\",\"url\":\"https:\/\/isida-ivf.com\/\",\"logo\":{\"@type\":\"ImageObject\",\"inLanguage\":\"de\",\"@id\":\"https:\/\/isida-ivf.com\/#\/schema\/logo\/image\/\",\"url\":\"https:\/\/isida-ivf.com\/wp-content\/uploads\/2022\/03\/logo.svg\",\"contentUrl\":\"https:\/\/isida-ivf.com\/wp-content\/uploads\/2022\/03\/logo.svg\",\"width\":93,\"height\":45,\"caption\":\"ISIDA International\"},\"image\":{\"@id\":\"https:\/\/isida-ivf.com\/#\/schema\/logo\/image\/\"},\"sameAs\":[\"https:\/\/www.facebook.com\/isidaivf\/\",\"https:\/\/www.instagram.com\/isida_ivf\/\",\"https:\/\/www.youtube.com\/channel\/UCIEjGU7re1qO_k3bHgPABeg?view_as=subscriber\"]},{\"@type\":\"Person\",\"@id\":\"https:\/\/isida-ivf.com\/#\/schema\/person\/d4aa9815be9532c90c2597f346c62bf3\",\"name\":\"dev_techunit_io\",\"image\":{\"@type\":\"ImageObject\",\"inLanguage\":\"de\",\"@id\":\"https:\/\/isida-ivf.com\/#\/schema\/person\/image\/\",\"url\":\"https:\/\/secure.gravatar.com\/avatar\/967a4b897cc1d81891aa357b805f28459f0783739831b995cf6417bd006eda48?s=96&d=mm&r=g\",\"contentUrl\":\"https:\/\/secure.gravatar.com\/avatar\/967a4b897cc1d81891aa357b805f28459f0783739831b995cf6417bd006eda48?s=96&d=mm&r=g\",\"caption\":\"dev_techunit_io\"}}]}<\/script>\n<!-- \/ Yoast SEO plugin. -->","yoast_head_json":{"title":"Vielen Dank an Dr. Shiyanova f\u00fcr unsere Tochter! &#060; ISIDA International","robots":{"index":"index","follow":"follow","max-snippet":"max-snippet:-1","max-image-preview":"max-image-preview:large","max-video-preview":"max-video-preview:-1"},"og_locale":"de_DE","og_type":"article","og_title":"Vielen Dank an Dr. Shiyanova f\u00fcr unsere Tochter! &#060; ISIDA International","og_description":"Wir m\u00f6chten uns bei Svetlana Shiyanova f\u00fcr unsere Tochter sehr bedanken! &#8211; sagt unsere Patientin Elena. Im Jahr 2013 (im Dezember) kamen wir zum ersten Mal zu einer Umfrage und einem Kennenlernen nach ISIDA. Vorher waren es 8 (!!!) jahre der Behandlung. Das ist ein Albtraum!!! Wie ich mich erinnere, werde ich so zucken! Ich [&hellip;]","og_url":"https:\/\/isida-ivf.com\/de\/vielen-dank-an-dr-shiyanova-fuer-unsere-tochter\/","og_site_name":"ISIDA International","article_publisher":"https:\/\/www.facebook.com\/isidaivf\/","article_published_time":"2017-04-03T10:38:00+00:00","article_modified_time":"2023-08-29T15:05:08+00:00","og_image":[{"width":1200,"height":500,"url":"https:\/\/isida-ivf.com\/wp-content\/uploads\/2023\/07\/post0117.jpg","type":"image\/jpeg"}],"author":"dev_techunit_io","twitter_card":"summary_large_image","twitter_misc":{"Verfasst von":"dev_techunit_io","Gesch\u00e4tzte Lesezeit":"1\u00a0Minute"},"schema":{"@context":"https:\/\/schema.org","@graph":[{"@type":"Article","@id":"https:\/\/isida-ivf.com\/de\/vielen-dank-an-dr-shiyanova-fuer-unsere-tochter\/#article","isPartOf":{"@id":"https:\/\/isida-ivf.com\/de\/vielen-dank-an-dr-shiyanova-fuer-unsere-tochter\/"},"author":{"name":"dev_techunit_io","@id":"https:\/\/isida-ivf.com\/#\/schema\/person\/d4aa9815be9532c90c2597f346c62bf3"},"headline":"Vielen Dank an Dr. Shiyanova f\u00fcr unsere Tochter!","datePublished":"2017-04-03T10:38:00+00:00","dateModified":"2023-08-29T15:05:08+00:00","mainEntityOfPage":{"@id":"https:\/\/isida-ivf.com\/de\/vielen-dank-an-dr-shiyanova-fuer-unsere-tochter\/"},"wordCount":182,"commentCount":0,"publisher":{"@id":"https:\/\/isida-ivf.com\/#organization"},"articleSection":["Unkategorisiert"],"inLanguage":"de","potentialAction":[{"@type":"CommentAction","name":"Comment","target":["https:\/\/isida-ivf.com\/de\/vielen-dank-an-dr-shiyanova-fuer-unsere-tochter\/#respond"]}]},{"@type":"WebPage","@id":"https:\/\/isida-ivf.com\/de\/vielen-dank-an-dr-shiyanova-fuer-unsere-tochter\/","url":"https:\/\/isida-ivf.com\/de\/vielen-dank-an-dr-shiyanova-fuer-unsere-tochter\/","name":"Vielen Dank an Dr. Shiyanova f\u00fcr unsere Tochter! &#060; ISIDA International","isPartOf":{"@id":"https:\/\/isida-ivf.com\/#website"},"datePublished":"2017-04-03T10:38:00+00:00","dateModified":"2023-08-29T15:05:08+00:00","breadcrumb":{"@id":"https:\/\/isida-ivf.com\/de\/vielen-dank-an-dr-shiyanova-fuer-unsere-tochter\/#breadcrumb"},"inLanguage":"de","potentialAction":[{"@type":"ReadAction","target":["https:\/\/isida-ivf.com\/de\/vielen-dank-an-dr-shiyanova-fuer-unsere-tochter\/"]}]},{"@type":"BreadcrumbList","@id":"https:\/\/isida-ivf.com\/de\/vielen-dank-an-dr-shiyanova-fuer-unsere-tochter\/#breadcrumb","itemListElement":[{"@type":"ListItem","position":1,"name":"Home","item":"https:\/\/isida-ivf.com\/de\/"},{"@type":"ListItem","position":2,"name":"Vielen Dank an Dr. Shiyanova f\u00fcr unsere Tochter!"}]},{"@type":"WebSite","@id":"https:\/\/isida-ivf.com\/#website","url":"https:\/\/isida-ivf.com\/","name":"ISIDA International","description":"ISIDA clinic work schedule","publisher":{"@id":"https:\/\/isida-ivf.com\/#organization"},"potentialAction":[{"@type":"SearchAction","target":{"@type":"EntryPoint","urlTemplate":"https:\/\/isida-ivf.com\/?s={search_term_string}"},"query-input":"required name=search_term_string"}],"inLanguage":"de"},{"@type":"Organization","@id":"https:\/\/isida-ivf.com\/#organization","name":"ISIDA International","url":"https:\/\/isida-ivf.com\/","logo":{"@type":"ImageObject","inLanguage":"de","@id":"https:\/\/isida-ivf.com\/#\/schema\/logo\/image\/","url":"https:\/\/isida-ivf.com\/wp-content\/uploads\/2022\/03\/logo.svg","contentUrl":"https:\/\/isida-ivf.com\/wp-content\/uploads\/2022\/03\/logo.svg","width":93,"height":45,"caption":"ISIDA International"},"image":{"@id":"https:\/\/isida-ivf.com\/#\/schema\/logo\/image\/"},"sameAs":["https:\/\/www.facebook.com\/isidaivf\/","https:\/\/www.instagram.com\/isida_ivf\/","https:\/\/www.youtube.com\/channel\/UCIEjGU7re1qO_k3bHgPABeg?view_as=subscriber"]},{"@type":"Person","@id":"https:\/\/isida-ivf.com\/#\/schema\/person\/d4aa9815be9532c90c2597f346c62bf3","name":"dev_techunit_io","image":{"@type":"ImageObject","inLanguage":"de","@id":"https:\/\/isida-ivf.com\/#\/schema\/person\/image\/","url":"https:\/\/secure.gravatar.com\/avatar\/967a4b897cc1d81891aa357b805f28459f0783739831b995cf6417bd006eda48?s=96&d=mm&r=g","contentUrl":"https:\/\/secure.gravatar.com\/avatar\/967a4b897cc1d81891aa357b805f28459f0783739831b995cf6417bd006eda48?s=96&d=mm&r=g","caption":"dev_techunit_io"}}]}},"_links":{"self":[{"href":"https:\/\/isida-ivf.com\/de\/wp-json\/wp\/v2\/posts\/16419","targetHints":{"allow":["GET"]}}],"collection":[{"href":"https:\/\/isida-ivf.com\/de\/wp-json\/wp\/v2\/posts"}],"about":[{"href":"https:\/\/isida-ivf.com\/de\/wp-json\/wp\/v2\/types\/post"}],"author":[{"embeddable":true,"href":"https:\/\/isida-ivf.com\/de\/wp-json\/wp\/v2\/users\/10"}],"replies":[{"embeddable":true,"href":"https:\/\/isida-ivf.com\/de\/wp-json\/wp\/v2\/comments?post=16419"}],"version-history":[{"count":0,"href":"https:\/\/isida-ivf.com\/de\/wp-json\/wp\/v2\/posts\/16419\/revisions"}],"wp:featuredmedia":[{"embeddable":true,"href":"https:\/\/isida-ivf.com\/de\/wp-json\/wp\/v2\/media\/14917"}],"wp:attachment":[{"href":"https:\/\/isida-ivf.com\/de\/wp-json\/wp\/v2\/media?parent=16419"}],"wp:term":[{"taxonomy":"category","embeddable":true,"href":"https:\/\/isida-ivf.com\/de\/wp-json\/wp\/v2\/categories?post=16419"},{"taxonomy":"post_tag","embeddable":true,"href":"https:\/\/isida-ivf.com\/de\/wp-json\/wp\/v2\/tags?post=16419"}],"curies":[{"name":"wp","href":"https:\/\/api.w.org\/{rel}","templated":true}]}}